{"id":55160,"date":"2026-09-03T09:21:53","date_gmt":"2026-09-03T06:21:53","guid":{"rendered":"https:\/\/mersinkadingazetesi.com\/?p=55160"},"modified":"2026-09-03T09:21:54","modified_gmt":"2026-09-03T06:21:54","slug":"mersin-buyuksehirin-standinda-basladi-kendi-isletmesini-kurdu","status":"publish","type":"post","link":"https:\/\/mersinkadingazetesi.com\/?p=55160","title":{"rendered":"MERS\u0130N B\u00dcY\u00dcK\u015eEH\u0130R&#8217;\u0130N STANDINDA BA\u015eLADI, KEND\u0130 \u0130\u015eLETMES\u0130N\u0130 KURDU"},"content":{"rendered":"\n<p>Mersin B\u00fcy\u00fck\u015fehir Belediyesi&#8217;nin \u00fcretici kad\u0131nlara sundu\u011fu destekler, 60 ya\u015f\u0131ndaki Meryem \u00d6nder&#8217;in hayat\u0131nda yeni bir sayfa a\u00e7t\u0131. Yakla\u015f\u0131k 7 y\u0131l \u00f6nce B\u00fcy\u00fck\u015fehir&#8217;in \u00fcretici kad\u0131n stantlar\u0131nda badem ezmesi satarak ticaret yolculu\u011funa ba\u015flayan \u00d6nder, Kad\u0131n ve Aile Hizmetleri Dairesi&#8217;nden ald\u0131\u011f\u0131 y\u00f6nlendirmelerle \u00fcr\u00fcn yelpazesini geni\u015fleterek kendi i\u015fletmesini kurdu.<\/p>\n\n\n\n<p>Mersin B\u00fcy\u00fck\u015fehir Belediyesi, kad\u0131nlar\u0131n \u00fcretime kat\u0131lmas\u0131n\u0131 ve ekonomik hayatta daha g\u00fc\u00e7l\u00fc yer almas\u0131na katk\u0131 sa\u011flayan \u00e7al\u0131\u015fmalar\u0131n\u0131 s\u00fcrd\u00fcr\u00fcyor. Kad\u0131n ve Aile Hizmetleri Dairesi Ba\u015fkanl\u0131\u011f\u0131 b\u00fcnyesinde hayata ge\u00e7irilen \u00fcretici kad\u0131n stantlar\u0131, bir\u00e7ok kad\u0131na \u00fcr\u00fcnlerini tan\u0131tma ve sat\u0131\u015fa sunma f\u0131rsat\u0131 verirken, kimi kad\u0131nlar i\u00e7in de kendi i\u015fini kurma yolunda \u00f6nemli bir ba\u015flang\u0131\u00e7 noktas\u0131 oluyor.<\/p>\n\n\n\n<p>Meryem \u00d6nder de B\u00fcy\u00fck\u015fehir&#8217;in \u00fcretici kad\u0131n stantlar\u0131ndan kendi i\u015fletmesine uzanan hik\u00e2yesi ile giri\u015fimci kad\u0131nlara ilham oluyor. \u00d6nder, yakla\u015f\u0131k bir y\u0131l \u00f6nce Mezitli Kuyuluk&#8217;ta a\u00e7t\u0131\u011f\u0131 i\u015fletmesinde, badem ezmesinden badem ya\u011f\u0131na kadar \u00e7e\u015fitli \u00fcr\u00fcnler \u00fcreterek sat\u0131\u015fa sunuyor. \u00d6nder&#8217;in do\u011fal \u00fcr\u00fcnleri, Mersin B\u00fcy\u00fck\u015fehir Belediyesi Denizk\u0131z\u0131 Turizm A.\u015e. b\u00fcnyesinde hizmet veren kafelerde de yer al\u0131yor.<\/p>\n\n\n\n<p>B\u00fcy\u00fck\u015fehir&#8217;in stand\u0131nda ba\u015flayan yolculuk, kendi i\u015fletmesini kurmaya kadar uzand\u0131<\/p>\n\n\n\n<p>\u00dcretim ve sat\u0131\u015f hik\u00e2yesinin, B\u00fcy\u00fck\u015fehir Belediyesi&#8217;nin \u00fcretici kad\u0131n stantlar\u0131nda ba\u015flad\u0131\u011f\u0131n\u0131 anlatan \u00d6nder, sonras\u0131nda edindi\u011fi deneyimler ile \u00fcretime y\u00f6neldi\u011fini s\u00f6yledi. \u0130lk olarak badem ezmesi \u00fcretmeye ba\u015flad\u0131\u011f\u0131n\u0131 belirten \u00d6nder; zaman i\u00e7erisinde tahin, f\u0131nd\u0131k ve f\u0131st\u0131k gibi farkl\u0131 \u00fcr\u00fcnleri de \u00fcretimine d\u00e2hil etti\u011fini kaydetti. \u00dcretim yolculu\u011funu zaman i\u00e7erisinde farkl\u0131 \u00fcr\u00fcnlerle geli\u015ftiren \u00d6nder; badem, f\u0131nd\u0131k ve f\u0131st\u0131k ezmesinin yan\u0131 s\u0131ra, farkl\u0131 ya\u011flar ve kremalar da \u00fcretti\u011fini belirtti.<\/p>\n\n\n\n<p>Makine m\u00fchendisi olan o\u011flu arac\u0131l\u0131\u011f\u0131yla, badem ezmesi yap\u0131m\u0131nda kullan\u0131lan bir makineyle tan\u0131\u015ft\u0131\u011f\u0131n\u0131 anlatan \u00d6nder, makineyi ald\u0131ktan sonra B\u00fcy\u00fck\u015fehir&#8217;in d\u00fczenledi\u011fi festivallerde stant a\u00e7mas\u0131n\u0131n kendisi i\u00e7in d\u00f6n\u00fcm noktas\u0131 oldu\u011funu s\u00f6yledi. \u00d6nder, &#8220;\u00d6zgecan Aslan Bar\u0131\u015f Meydan\u0131&#8217;nda B\u00fcy\u00fck\u015fehir&#8217;in d\u00fczenledi\u011fi festival kapsam\u0131nda kurulan \u00fcretici kad\u0131n stantlar\u0131nda 6-7 g\u00fcn sat\u0131\u015f yapt\u0131m. O festivalde yapt\u0131\u011f\u0131m sat\u0131\u015flarla makinenin paras\u0131n\u0131 \u00e7\u0131kard\u0131m. Onun i\u00e7in B\u00fcy\u00fck\u015fehir Belediye Ba\u015fkan\u0131m\u0131z Vahap Se\u00e7er&#8217;e ne kadar te\u015fekk\u00fcr etsem az\u2026 B\u00fcy\u00fck\u015fehir olmasa bu noktaya gelemezdim&#8221; dedi.<\/p>\n\n\n\n<p>\u00d6nder: &#8220;\u00dcr\u00fcnlerimi sa\u011fl\u0131kl\u0131 i\u00e7eriklerle haz\u0131rlamaya \u00f6zen g\u00f6steriyorum&#8221;<\/p>\n\n\n\n<p>\u00dcr\u00fcnlerini sa\u011fl\u0131kl\u0131 i\u00e7eriklerle haz\u0131rlamaya \u00f6zen g\u00f6sterdi\u011finin de alt\u0131n\u0131 \u00e7izen \u00d6nder, \u00f6zellikle annelerden gelen talepler \u00fczerine, \u00e7ocuklar\u0131n da t\u00fcketebilece\u011fi tatl\u0131 \u00fcr\u00fcnler geli\u015ftirmeye ba\u015flad\u0131\u011f\u0131n\u0131 s\u00f6yledi. \u00dcr\u00fcnlerinde \u015feker yerine bal kullanmay\u0131 tercih etti\u011fini belirten \u00d6nder, &#8220;Anneler tatl\u0131 bir \u015feyler \u00fcretmem i\u00e7in rica ettiler. Bunun \u00fczerine krema yapmaya ba\u015flad\u0131k. 6-7 \u00e7e\u015fit krema yap\u0131yorum. Bunlar\u0131n i\u00e7inde kesinlikle \u015feker kullanm\u0131yorum, sadece balla tatland\u0131r\u0131yorum&#8221; ifadelerini kulland\u0131.<\/p>\n\n\n\n<p>B\u00fcy\u00fck\u015fehir kad\u0131nlara \u00fcretimin her a\u015famas\u0131nda destek oluyor<\/p>\n\n\n\n<p>B\u00fcy\u00fck\u015fehir Belediyesi&#8217;nin deste\u011finin yaln\u0131zca stantlarla s\u0131n\u0131rl\u0131 kalmad\u0131\u011f\u0131n\u0131 belirten \u00d6nder, \u00fcr\u00fcnlerini nas\u0131l paketlemesi ve sunmas\u0131 gerekti\u011fi konusunda da y\u00f6nlendirme ald\u0131\u011f\u0131n\u0131 s\u00f6yledi. Kad\u0131n ve Aile Hizmetleri Dairesi Ba\u015fkanl\u0131\u011f\u0131&#8217;ndan bu konularda ald\u0131\u011f\u0131 deste\u011fi anlatan \u00d6nder, &#8220;Daire Ba\u015fkanl\u0131\u011f\u0131 yetkilileri, \u00fcr\u00fcnleri nas\u0131l paketlemem gerekti\u011fini, nas\u0131l bir yol izlemem gerekti\u011fini, \u015fi\u015felerimin nas\u0131l olaca\u011f\u0131n\u0131 ve \u00fcr\u00fcnlerimi nas\u0131l \u015fi\u015felemem gerekti\u011fine kadar yard\u0131mc\u0131 oldular&#8221; diye konu\u015ftu.<\/p>\n\n\n\n<p>B\u00fcy\u00fck\u015fehir&#8217;in stantlar\u0131, kad\u0131nlara ekonomik \u00f6zg\u00fcrl\u00fc\u011f\u00fcn yan\u0131 s\u0131ra \u00f6zg\u00fcven de kazand\u0131r\u0131yor<\/p>\n\n\n\n<p>\u00dcretici kad\u0131n stantlar\u0131n\u0131n kad\u0131nlara yaln\u0131zca \u00fcr\u00fcnlerini satabilecekleri alanlar sunmad\u0131\u011f\u0131n\u0131, ayn\u0131 zamanda ekonomik \u00f6zg\u00fcrl\u00fck ve \u00f6zg\u00fcven kazand\u0131rd\u0131\u011f\u0131n\u0131 da vurgulayan \u00d6nder, &#8220;Bir kad\u0131n, kendi paras\u0131n\u0131 kazand\u0131\u011f\u0131nda g\u00fc\u00e7l\u00fc oldu\u011funu hisseder. Kimseye muhta\u00e7 olmad\u0131\u011f\u0131n\u0131 g\u00f6r\u00fcr. B\u00fcy\u00fck\u015fehir asl\u0131nda bize bunlar\u0131 veriyor. \u0130nan\u0131n ben bu i\u015fletmeyi a\u00e7may\u0131 hayal bile edemezdim. Ben yapt\u0131ysam onlar da yapar&#8221; diyerek, hayalindeki i\u015fi yapmak isteyen kad\u0131nlara \u00e7a\u011fr\u0131da bulundu.<\/p>\n\n\n\n<p>B\u00fcy\u00fck\u015fehir Belediyesi&#8217;nin \u00fcretici kad\u0131nlara sundu\u011fu imk\u00e2nlar\u0131n herkese a\u00e7\u0131k oldu\u011funu s\u00f6zlerine ekleyen \u00d6nder, &#8220;Vahap Se\u00e7er, &#8216;Sen A partidensin, sen B partidensin&#8217; diye bir ayr\u0131m yapmadan, herkese kucak a\u00e7an, bir simit bile yap\u0131p \u00fcretici stantlar\u0131na getireni kucaklayan, ona para kazanmas\u0131n\u0131 \u00f6\u011freten bir yer. Kad\u0131nlara bundan daha g\u00fczel kucak a\u00e7an bir yer g\u00f6rmedim&#8221; dedi.<\/p>\n","protected":false},"excerpt":{"rendered":"<p>Mersin B\u00fcy\u00fck\u015fehir Belediyesi&#8217;nin \u00fcretici kad\u0131nlara sundu\u011fu destekler, 60 ya\u015f\u0131ndaki Meryem \u00d6nder&#8217;in hayat\u0131nda yeni bir sayfa a\u00e7t\u0131. Yakla\u015f\u0131k 7 y\u0131l \u00f6nce B\u00fcy\u00fck\u015fehir&#8217;in \u00fcretici kad\u0131n stantlar\u0131nda badem ezmesi satarak ticaret yolculu\u011funa ba\u015flayan \u00d6nder, Kad\u0131n ve Aile Hizmetleri Dairesi&#8217;nden ald\u0131\u011f\u0131 y\u00f6nlendirmelerle \u00fcr\u00fcn yelpazesini geni\u015fleterek kendi i\u015fletmesini kurdu. Mersin B\u00fcy\u00fck\u015fehir Belediyesi, kad\u0131nlar\u0131n \u00fcretime kat\u0131lmas\u0131n\u0131 ve ekonomik hayatta daha g\u00fc\u00e7l\u00fc [&hellip;]<\/p>\n","protected":false},"author":2,"featured_media":55161,"comment_status":"closed","ping_status":"closed","sticky":false,"template":"","format":"standard","meta":{"footnotes":""},"categories":[3],"tags":[],"class_list":["post-55160","post","type-post","status-publish","format-standard","has-post-thumbnail","hentry","category-manset"],"views":1,"_links":{"self":[{"href":"https:\/\/mersinkadingazetesi.com\/index.php?rest_route=\/wp\/v2\/posts\/55160"}],"collection":[{"href":"https:\/\/mersinkadingazetesi.com\/index.php?rest_route=\/wp\/v2\/posts"}],"about":[{"href":"https:\/\/mersinkadingazetesi.com\/index.php?rest_route=\/wp\/v2\/types\/post"}],"author":[{"embeddable":true,"href":"https:\/\/mersinkadingazetesi.com\/index.php?rest_route=\/wp\/v2\/users\/2"}],"replies":[{"embeddable":true,"href":"https:\/\/mersinkadingazetesi.com\/index.php?rest_route=%2Fwp%2Fv2%2Fcomments&post=55160"}],"version-history":[{"count":1,"href":"https:\/\/mersinkadingazetesi.com\/index.php?rest_route=\/wp\/v2\/posts\/55160\/revisions"}],"predecessor-version":[{"id":55162,"href":"https:\/\/mersinkadingazetesi.com\/index.php?rest_route=\/wp\/v2\/posts\/55160\/revisions\/55162"}],"wp:featuredmedia":[{"embeddable":true,"href":"https:\/\/mersinkadingazetesi.com\/index.php?rest_route=\/wp\/v2\/media\/55161"}],"wp:attachment":[{"href":"https:\/\/mersinkadingazetesi.com\/index.php?rest_route=%2Fwp%2Fv2%2Fmedia&parent=55160"}],"wp:term":[{"taxonomy":"category","embeddable":true,"href":"https:\/\/mersinkadingazetesi.com\/index.php?rest_route=%2Fwp%2Fv2%2Fcategories&post=55160"},{"taxonomy":"post_tag","embeddable":true,"href":"https:\/\/mersinkadingazetesi.com\/index.php?rest_route=%2Fwp%2Fv2%2Ftags&post=55160"}],"curies":[{"name":"wp","href":"https:\/\/api.w.org\/{rel}","templated":true}]}}