{"id":55181,"date":"2026-09-03T14:52:17","date_gmt":"2026-09-03T11:52:17","guid":{"rendered":"https:\/\/mersinkadingazetesi.com\/?p=55181"},"modified":"2026-09-03T14:52:17","modified_gmt":"2026-09-03T11:52:17","slug":"tonguc-is-sagligi-ve-guvenligi-tum-kararlarin-baslangicidir","status":"publish","type":"post","link":"https:\/\/mersinkadingazetesi.com\/?p=55181","title":{"rendered":"TONGU\u00c7: &#8220;\u0130\u015e SA\u011eLI\u011eI VE G\u00dcVENL\u0130\u011e\u0130 T\u00dcM KARARLARIN BA\u015eLANGICIDIR&#8221;"},"content":{"rendered":"\n<p>Mersin Deniz Ticaret Odas\u0131 (MDTO) ev sahipli\u011finde, Ankara \u00dcniversitesi DEHUKAM ve Mersin Uluslararas\u0131 Liman \u0130\u015fletmecili\u011fi (MIP) i\u015f birli\u011fiyle \u201cLimanlar\u0131n Hukuki Rejimi Uluslararas\u0131 Sempozyumu\u201d d\u00fczenlendi.&nbsp;3-4 Eyl\u00fcl 2026 tarihlerinde ger\u00e7ekle\u015ftirilen sempozyum her iki g\u00fcn 09.30-18.00 saatleri aras\u0131nda yap\u0131ld\u0131.<\/p>\n\n\n\n<p>Programda limanlar\u0131n hukuki yap\u0131s\u0131 ve gelece\u011fine ili\u015fkin kritik ba\u015fl\u0131klar ele al\u0131nd\u0131. Sempozyumda; Liman diplomasisi Ak\u0131ll\u0131 limanlar\u0131n hukuki etkileri Ye\u015fil limanlar ve deniz \u00e7evresinin korunmas\u0131 Deniz emniyeti ve g\u00fcvenli\u011fikonular\u0131 masaya yat\u0131r\u0131ld\u0131.Etkinli\u011fe kamu idarecileri, b\u00fcy\u00fckel\u00e7iler, liman i\u015fletici kurulu\u015f temsilcileri, hat temsilcileri ve akademisyenler kat\u0131ld\u0131.<\/p>\n\n\n\n<figure class=\"wp-block-image\"><img decoding=\"async\" src=\"http:\/\/mersingazetesi.com\/wp-content\/uploads\/2026\/09\/WhatsApp-Image-2026-09-03-at-11.09.16.jpeg\" alt=\"\" class=\"wp-image-142616\"\/><\/figure>\n\n\n\n<p>TONGU\u00c7: \u201cL\u0130MAN HUKUK\u0130 B\u0130R EKOS\u0130STEMD\u0130R\u201d<\/p>\n\n\n\n<p>Sempozyumun a\u00e7\u0131l\u0131\u015f\u0131nda konu\u015fan MIP Finans Direkt\u00f6r\u00fc Erdal Tongu\u00e7, limanlar\u0131n sadece fiziki altyap\u0131dan ibaret olmad\u0131\u011f\u0131n\u0131 vurgulad\u0131.Tongu\u00e7, \u201cLiman\u0131 ger\u00e7ekten i\u015fler hale getiren kurallar\u0131n, yetkilerin, s\u00f6zle\u015fmelerin ve uluslararas\u0131 standartlar\u0131n birlikte \u00e7al\u0131\u015ft\u0131\u011f\u0131 b\u00fcy\u00fck bir hukuki ekosistemdir. Liman, ulusal egemenlik ile uluslararas\u0131 ticaretin, kamu otoritesi ile \u00f6zel i\u015fletmecili\u011fin, h\u0131z ile g\u00fcvenli\u011fin kesi\u015fti\u011fi yerdir\u201d dedi.<\/p>\n\n\n\n<p>Tongu\u00e7, limanlar\u0131n hukuki rejimini \u00f6ne \u00e7\u0131karan 3 ba\u015fl\u0131\u011fa dikkat \u00e7ekti:<\/p>\n\n\n\n<p>Dayan\u0131kl\u0131l\u0131k ve \u00d6ng\u00f6r\u00fclebilirlik: K\u00fcresel ticaretteki belirsizlikler nedeniyle limanlardan krizlere dayan\u0131kl\u0131, \u015feffaf ve kesintisiz hizmet bekleniyor.<\/p>\n\n\n\n<p>Dijital D\u00f6n\u00fc\u015f\u00fcm: Ak\u0131ll\u0131 limanlar, yapay zeka ve otonom sistemlerle birlikte veri g\u00fcvenli\u011fi, siber g\u00fcvenlik ve sorumluluk konular\u0131 \u00f6nem kazan\u0131yor.<\/p>\n\n\n\n<p>Ye\u015fil D\u00f6n\u00fc\u015f\u00fcm: Karbonsuzla\u015fma hedefleri, enerji verimlili\u011fi ve \u00e7evresel sorumluluk art\u0131k bug\u00fcn\u00fcn g\u00fcndemi.<\/p>\n\n\n\n<p>\u201cMersin Liman \u0130\u015fletmecili\u011fi i\u00e7in i\u015f sa\u011fl\u0131\u011f\u0131 ve g\u00fcvenli\u011fi t\u00fcm kararlar\u0131n ba\u015flang\u0131\u00e7 noktas\u0131\u201d diyen Tongu\u00e7, \u201cHedefimiz terminalimizde bulunan herkesin g\u00fcvenli bi\u00e7imde g\u00f6revini tamamlay\u0131p evine sa\u011f salim d\u00f6nmesidir\u201d ifadelerini kulland\u0131.<\/p>\n\n\n\n<p>CANATAN: \u201cL\u0130MANLAR \u00dcLKELER\u0130N D\u00dcNYAYA A\u00c7ILAN KAPILARIDIR\u201d<\/p>\n\n\n\n<p>MDTO Ba\u015fkan Yard\u0131mc\u0131s\u0131 Bedii Canatan da limanlar\u0131n art\u0131k yaln\u0131zca y\u00fck elle\u00e7leme alan\u0131 olmad\u0131\u011f\u0131n\u0131 belirtti.&nbsp;Canatan,&nbsp;\u201cLimanlar hukukun, kamu otoritesinin, teknolojinin ve \u00e7evresel sorumlulu\u011fun kesi\u015fti\u011fi stratejik merkezlerdir. Bug\u00fcn bir liman\u0131n rekabet g\u00fcc\u00fc r\u0131ht\u0131m uzunlu\u011fuyla de\u011fil, dijital altyap\u0131s\u0131, \u00e7evresel performans\u0131 ve hukuki \u00f6ng\u00f6r\u00fclebilirli\u011fiyle \u00f6l\u00e7\u00fcl\u00fcyor\u201d dedi.<\/p>\n\n\n\n<p>Canatan, otonom gemiler, yapay zeka, blockchain ve ye\u015fil d\u00f6n\u00fc\u015f\u00fcm gibi geli\u015fmeler kar\u015f\u0131s\u0131nda hukukun geride kalmamas\u0131 gerekti\u011fini belirterek, \u201cGelece\u011fin limanlar\u0131n\u0131 yaln\u0131zca yeni teknolojilerle de\u011fil, bu teknolojilerin ihtiya\u00e7 duydu\u011fu yeni hukuk anlay\u0131\u015f\u0131yla birlikte tasarlamak zorunday\u0131z\u201d diye konu\u015ftu.<\/p>\n\n\n\n<figure class=\"wp-block-image\"><img decoding=\"async\" src=\"http:\/\/mersingazetesi.com\/wp-content\/uploads\/2026\/09\/WhatsApp-Image-2026-09-03-at-11.09.17.jpeg\" alt=\"\" class=\"wp-image-142615\"\/><\/figure>\n\n\n\n<p>\u00d6NEL: \u201cL\u0130MAN HUKU \u00c7OK D\u0130S\u0130PL\u0130NL\u0130 B\u0130R ALAN\u201d<\/p>\n\n\n\n<p>DEHUKAM Y\u00f6netim Kurulu Ba\u015fkan\u0131 Prof. Dr. S\u00fcleyman \u00d6nel ise limanlar\u0131n k\u00fcresel tedarik zincirleri, enerji g\u00fcvenli\u011fi ve \u00e7evre politikalar\u0131n\u0131n merkezinde yer ald\u0131\u011f\u0131n\u0131 s\u00f6yledi.<br>\u201cBug\u00fcn liman hukukundan s\u00f6z etti\u011fimizde uluslararas\u0131 hukuktan \u00e7evre hukukuna, i\u015f hukukundan bili\u015fim hukukuna kadar uzanan \u00e7ok disiplinli bir alandan bahsediyoruz\u201d diyen \u00d6nel, Deniz Mekansal Planlamas\u0131\u2019n\u0131n da limanlar\u0131n gelece\u011fi i\u00e7in kritik oldu\u011funu vurgulad\u0131.<\/p>\n\n\n\n<p>\u00d6nel, deniz milli parklar\u0131 gibi \u00e7evreci ad\u0131mlar\u0131n, seyir serbestli\u011fini koruyarak \u201ckoruma ve kullanma\u201d dengesini g\u00f6zetti\u011fini de s\u00f6zlerine ekledi.Sempozyumda akademi, kamu ve sekt\u00f6r temsilcilerinin bir araya gelmesiyle limanlar\u0131n hukuki gelece\u011fine dair uluslararas\u0131 i\u015f birli\u011fi ve yeni mevzuat \u00f6nerilerinin geli\u015ftirilmesi hedeflendi.<\/p>\n\n\n\n<figure class=\"wp-block-image size-full\"><img loading=\"lazy\" decoding=\"async\" width=\"1600\" height=\"1200\" src=\"http:\/\/mersinkadingazetesi.com\/wp-content\/uploads\/2026\/09\/WhatsApp-Image-2026-09-03-at-11.12.53.jpeg\" alt=\"\" class=\"wp-image-55183\" srcset=\"https:\/\/mersinkadingazetesi.com\/wp-content\/uploads\/2026\/09\/WhatsApp-Image-2026-09-03-at-11.12.53.jpeg 1600w, https:\/\/mersinkadingazetesi.com\/wp-content\/uploads\/2026\/09\/WhatsApp-Image-2026-09-03-at-11.12.53-540x405.jpeg 540w\" sizes=\"(max-width: 1600px) 100vw, 1600px\" \/><\/figure>\n","protected":false},"excerpt":{"rendered":"<p>Mersin Deniz Ticaret Odas\u0131 (MDTO) ev sahipli\u011finde, Ankara \u00dcniversitesi DEHUKAM ve Mersin Uluslararas\u0131 Liman \u0130\u015fletmecili\u011fi (MIP) i\u015f birli\u011fiyle \u201cLimanlar\u0131n Hukuki Rejimi Uluslararas\u0131 Sempozyumu\u201d d\u00fczenlendi.&nbsp;3-4 Eyl\u00fcl 2026 tarihlerinde ger\u00e7ekle\u015ftirilen sempozyum her iki g\u00fcn 09.30-18.00 saatleri aras\u0131nda yap\u0131ld\u0131. Programda limanlar\u0131n hukuki yap\u0131s\u0131 ve gelece\u011fine ili\u015fkin kritik ba\u015fl\u0131klar ele al\u0131nd\u0131. Sempozyumda; Liman diplomasisi Ak\u0131ll\u0131 limanlar\u0131n hukuki etkileri Ye\u015fil [&hellip;]<\/p>\n","protected":false},"author":2,"featured_media":55182,"comment_status":"closed","ping_status":"closed","sticky":false,"template":"","format":"standard","meta":{"footnotes":""},"categories":[7,8,3,5],"tags":[],"class_list":["post-55181","post","type-post","status-publish","format-standard","has-post-thumbnail","hentry","category-dunya","category-ekonomi","category-manset","category-mersin"],"views":0,"_links":{"self":[{"href":"https:\/\/mersinkadingazetesi.com\/index.php?rest_route=\/wp\/v2\/posts\/55181"}],"collection":[{"href":"https:\/\/mersinkadingazetesi.com\/index.php?rest_route=\/wp\/v2\/posts"}],"about":[{"href":"https:\/\/mersinkadingazetesi.com\/index.php?rest_route=\/wp\/v2\/types\/post"}],"author":[{"embeddable":true,"href":"https:\/\/mersinkadingazetesi.com\/index.php?rest_route=\/wp\/v2\/users\/2"}],"replies":[{"embeddable":true,"href":"https:\/\/mersinkadingazetesi.com\/index.php?rest_route=%2Fwp%2Fv2%2Fcomments&post=55181"}],"version-history":[{"count":1,"href":"https:\/\/mersinkadingazetesi.com\/index.php?rest_route=\/wp\/v2\/posts\/55181\/revisions"}],"predecessor-version":[{"id":55184,"href":"https:\/\/mersinkadingazetesi.com\/index.php?rest_route=\/wp\/v2\/posts\/55181\/revisions\/55184"}],"wp:featuredmedia":[{"embeddable":true,"href":"https:\/\/mersinkadingazetesi.com\/index.php?rest_route=\/wp\/v2\/media\/55182"}],"wp:attachment":[{"href":"https:\/\/mersinkadingazetesi.com\/index.php?rest_route=%2Fwp%2Fv2%2Fmedia&parent=55181"}],"wp:term":[{"taxonomy":"category","embeddable":true,"href":"https:\/\/mersinkadingazetesi.com\/index.php?rest_route=%2Fwp%2Fv2%2Fcategories&post=55181"},{"taxonomy":"post_tag","embeddable":true,"href":"https:\/\/mersinkadingazetesi.com\/index.php?rest_route=%2Fwp%2Fv2%2Ftags&post=55181"}],"curies":[{"name":"wp","href":"https:\/\/api.w.org\/{rel}","templated":true}]}}