{"id":55212,"date":"2026-09-05T09:35:03","date_gmt":"2026-09-05T06:35:03","guid":{"rendered":"https:\/\/mersinkadingazetesi.com\/?p=55212"},"modified":"2026-09-05T09:35:04","modified_gmt":"2026-09-05T06:35:04","slug":"ozdemirci-halk-egitimi-merkezi-kuran-kursu-kapanis-programina-katildi","status":"publish","type":"post","link":"https:\/\/mersinkadingazetesi.com\/?p=55212","title":{"rendered":"\u00d6ZDEM\u0130RC\u0130, HALK E\u011e\u0130T\u0130M\u0130 MERKEZ\u0130 KURAN KURSU KAPANI\u015e PROGRAMINA KATILDI\u00a0"},"content":{"rendered":"\n<p>\u0130l Mill\u00ee E\u011fitim M\u00fcd\u00fcr\u00fc Muhammed \u00d6zdemirci, Halk E\u011fitimi Merkezi b\u00fcnyesinde a\u00e7\u0131lan Kuran Kursu E\u011fitimi Kapan\u0131\u015f Program\u0131&#8217;na kat\u0131ld\u0131.<\/p>\n\n\n\n<p>Dr. Kamil Tarhan \u0130lkokulu\/Ortaokulunda d\u00fczenlenen programda e\u011fitimlerini ba\u015far\u0131yla tamamlayan kursiyerler ve \u00f6\u011frenciler bir araya geldi.<\/p>\n\n\n\n<p>\u0130l Mill\u00ee E\u011fitim M\u00fcd\u00fcr\u00fc Muhammed \u00d6zdemirci, Kur&#8217;an-\u0131 Kerim&#8217;in sadece okunacak bir kitap de\u011fil, hayata rehberlik eden bir ahlak kayna\u011f\u0131 oldu\u011funu vurgulad\u0131. Muhammed \u00d6zdemirci,<\/p>\n\n\n\n<p>&#8220;T\u00fcrkiye Y\u00fczy\u0131l\u0131 Maarif Modelimiz de e\u011fitim anlay\u0131\u015f\u0131n\u0131 yaln\u0131zca akademik ba\u015far\u0131dan ibaret g\u00f6rmeyen; bilgiyi, beceriyi, karakteri ve de\u011ferleri bir b\u00fct\u00fcn olarak ele alan bir anlay\u0131\u015f\u0131 esas almaktad\u0131r. Biz evlatlar\u0131m\u0131z\u0131n milli ve manevi de\u011ferlerine sahip \u00e7\u0131kan, k\u00f6k\u00fc mazide g\u00f6z\u00fc atide bir nesil olarak yeti\u015fmelerini istiyoruz.&#8221; ifadelerini kulland\u0131.<\/p>\n\n\n\n<p>E\u011fitimi ba\u015far\u0131yla tamamlayan \u00f6\u011frencileri tebrik eden \u00d6zdemirci, emek veren \u00f6\u011fretmenlere ve desteklerini esirgemeyen velilere te\u015fekk\u00fcr etti. Program, kursiyerlere belgelerinin takdim edilmesi ve toplu foto\u011fraf \u00e7ekimiyle sona erdi.<\/p>\n","protected":false},"excerpt":{"rendered":"<p>\u0130l Mill\u00ee E\u011fitim M\u00fcd\u00fcr\u00fc Muhammed \u00d6zdemirci, Halk E\u011fitimi Merkezi b\u00fcnyesinde a\u00e7\u0131lan Kuran Kursu E\u011fitimi Kapan\u0131\u015f Program\u0131&#8217;na kat\u0131ld\u0131. Dr. Kamil Tarhan \u0130lkokulu\/Ortaokulunda d\u00fczenlenen programda e\u011fitimlerini ba\u015far\u0131yla tamamlayan kursiyerler ve \u00f6\u011frenciler bir araya geldi. \u0130l Mill\u00ee E\u011fitim M\u00fcd\u00fcr\u00fc Muhammed \u00d6zdemirci, Kur&#8217;an-\u0131 Kerim&#8217;in sadece okunacak bir kitap de\u011fil, hayata rehberlik eden bir ahlak kayna\u011f\u0131 oldu\u011funu vurgulad\u0131. Muhammed \u00d6zdemirci, [&hellip;]<\/p>\n","protected":false},"author":2,"featured_media":55213,"comment_status":"closed","ping_status":"closed","sticky":false,"template":"","format":"standard","meta":{"footnotes":""},"categories":[3],"tags":[],"class_list":["post-55212","post","type-post","status-publish","format-standard","has-post-thumbnail","hentry","category-manset"],"views":0,"_links":{"self":[{"href":"https:\/\/mersinkadingazetesi.com\/index.php?rest_route=\/wp\/v2\/posts\/55212"}],"collection":[{"href":"https:\/\/mersinkadingazetesi.com\/index.php?rest_route=\/wp\/v2\/posts"}],"about":[{"href":"https:\/\/mersinkadingazetesi.com\/index.php?rest_route=\/wp\/v2\/types\/post"}],"author":[{"embeddable":true,"href":"https:\/\/mersinkadingazetesi.com\/index.php?rest_route=\/wp\/v2\/users\/2"}],"replies":[{"embeddable":true,"href":"https:\/\/mersinkadingazetesi.com\/index.php?rest_route=%2Fwp%2Fv2%2Fcomments&post=55212"}],"version-history":[{"count":1,"href":"https:\/\/mersinkadingazetesi.com\/index.php?rest_route=\/wp\/v2\/posts\/55212\/revisions"}],"predecessor-version":[{"id":55214,"href":"https:\/\/mersinkadingazetesi.com\/index.php?rest_route=\/wp\/v2\/posts\/55212\/revisions\/55214"}],"wp:featuredmedia":[{"embeddable":true,"href":"https:\/\/mersinkadingazetesi.com\/index.php?rest_route=\/wp\/v2\/media\/55213"}],"wp:attachment":[{"href":"https:\/\/mersinkadingazetesi.com\/index.php?rest_route=%2Fwp%2Fv2%2Fmedia&parent=55212"}],"wp:term":[{"taxonomy":"category","embeddable":true,"href":"https:\/\/mersinkadingazetesi.com\/index.php?rest_route=%2Fwp%2Fv2%2Fcategories&post=55212"},{"taxonomy":"post_tag","embeddable":true,"href":"https:\/\/mersinkadingazetesi.com\/index.php?rest_route=%2Fwp%2Fv2%2Ftags&post=55212"}],"curies":[{"name":"wp","href":"https:\/\/api.w.org\/{rel}","templated":true}]}}