{"id":55215,"date":"2026-09-05T09:36:53","date_gmt":"2026-09-05T06:36:53","guid":{"rendered":"https:\/\/mersinkadingazetesi.com\/?p=55215"},"modified":"2026-09-05T09:36:53","modified_gmt":"2026-09-05T06:36:53","slug":"ozdemirci-lerzan-guruz-masalevi-insaat-alaninda-incelemelerde-bulundu","status":"publish","type":"post","link":"https:\/\/mersinkadingazetesi.com\/?p=55215","title":{"rendered":"\u00d6ZDEM\u0130RC\u0130, LERZAN G\u00dcR\u00dcZ MASALEV\u0130 \u0130N\u015eAAT ALANINDA \u0130NCELEMELERDE BULUNDU\u00a0"},"content":{"rendered":"\n<p>\u0130l Mill\u00ee E\u011fitim M\u00fcd\u00fcr\u00fc Muhammed \u00d6zdemirci, Toroslar il\u00e7esinde yap\u0131m\u0131 devam eden Lerzan G\u00fcr\u00fcz Masalevi in\u015faat alan\u0131nda incelemelerde bulundu. \u00c7al\u0131\u015fmalar hakk\u0131nda yetkililerden detayl\u0131 bilgi alan \u00d6zdemirci, projenin en k\u0131sa s\u00fcrede tamamlanarak \u00e7ocuklar\u0131n hizmetine sunulaca\u011f\u0131n\u0131 belirtti.<\/p>\n\n\n\n<p>Masalevlerinin \u00e7ocuklar\u0131n hayal g\u00fcc\u00fcn\u00fc, dil becerilerini ve k\u00fclt\u00fcrel ba\u011flar\u0131n\u0131 g\u00fc\u00e7lendirmedeki \u00f6nemine dikkat \u00e7eken \u00d6zdemirci, merkezin b\u00f6lgedeki \u00f6\u011frenciler i\u00e7in \u00f6nemli bir sosyal ve k\u00fclt\u00fcrel alan olaca\u011f\u0131n\u0131 vurgulad\u0131. Muhammed \u00d6zdemirci: &#8220;Masalevleri, evlatlar\u0131m\u0131z\u0131n milli ve manevi de\u011ferlerimizle bulu\u015ftu\u011fu, hayal d\u00fcnyalar\u0131n\u0131 geli\u015ftirdi\u011fi son derece k\u0131ymetli e\u011fitim alanlar\u0131d\u0131r. Toroslar Lerzan G\u00fcr\u00fcz Masalevinin de tamamlanmas\u0131yla birlikte \u00e7ocuklar\u0131m\u0131z hem geleneksel masallar\u0131m\u0131zla tan\u0131\u015facak hem de \u00e7e\u015fitli at\u00f6lye \u00e7al\u0131\u015fmalar\u0131yla yeteneklerini ke\u015ffetme imk\u00e2n\u0131 bulacak. \u00c7al\u0131\u015fmalar\u0131n planlanan takvime uygun \u015fekilde ilerlemesinden memnuniyet duyuyoruz.&#8221; dedi.<\/p>\n","protected":false},"excerpt":{"rendered":"<p>\u0130l Mill\u00ee E\u011fitim M\u00fcd\u00fcr\u00fc Muhammed \u00d6zdemirci, Toroslar il\u00e7esinde yap\u0131m\u0131 devam eden Lerzan G\u00fcr\u00fcz Masalevi in\u015faat alan\u0131nda incelemelerde bulundu. \u00c7al\u0131\u015fmalar hakk\u0131nda yetkililerden detayl\u0131 bilgi alan \u00d6zdemirci, projenin en k\u0131sa s\u00fcrede tamamlanarak \u00e7ocuklar\u0131n hizmetine sunulaca\u011f\u0131n\u0131 belirtti. Masalevlerinin \u00e7ocuklar\u0131n hayal g\u00fcc\u00fcn\u00fc, dil becerilerini ve k\u00fclt\u00fcrel ba\u011flar\u0131n\u0131 g\u00fc\u00e7lendirmedeki \u00f6nemine dikkat \u00e7eken \u00d6zdemirci, merkezin b\u00f6lgedeki \u00f6\u011frenciler i\u00e7in \u00f6nemli bir sosyal [&hellip;]<\/p>\n","protected":false},"author":2,"featured_media":55217,"comment_status":"closed","ping_status":"closed","sticky":false,"template":"","format":"standard","meta":{"footnotes":""},"categories":[3],"tags":[],"class_list":["post-55215","post","type-post","status-publish","format-standard","has-post-thumbnail","hentry","category-manset"],"views":2,"_links":{"self":[{"href":"https:\/\/mersinkadingazetesi.com\/index.php?rest_route=\/wp\/v2\/posts\/55215"}],"collection":[{"href":"https:\/\/mersinkadingazetesi.com\/index.php?rest_route=\/wp\/v2\/posts"}],"about":[{"href":"https:\/\/mersinkadingazetesi.com\/index.php?rest_route=\/wp\/v2\/types\/post"}],"author":[{"embeddable":true,"href":"https:\/\/mersinkadingazetesi.com\/index.php?rest_route=\/wp\/v2\/users\/2"}],"replies":[{"embeddable":true,"href":"https:\/\/mersinkadingazetesi.com\/index.php?rest_route=%2Fwp%2Fv2%2Fcomments&post=55215"}],"version-history":[{"count":1,"href":"https:\/\/mersinkadingazetesi.com\/index.php?rest_route=\/wp\/v2\/posts\/55215\/revisions"}],"predecessor-version":[{"id":55218,"href":"https:\/\/mersinkadingazetesi.com\/index.php?rest_route=\/wp\/v2\/posts\/55215\/revisions\/55218"}],"wp:featuredmedia":[{"embeddable":true,"href":"https:\/\/mersinkadingazetesi.com\/index.php?rest_route=\/wp\/v2\/media\/55217"}],"wp:attachment":[{"href":"https:\/\/mersinkadingazetesi.com\/index.php?rest_route=%2Fwp%2Fv2%2Fmedia&parent=55215"}],"wp:term":[{"taxonomy":"category","embeddable":true,"href":"https:\/\/mersinkadingazetesi.com\/index.php?rest_route=%2Fwp%2Fv2%2Fcategories&post=55215"},{"taxonomy":"post_tag","embeddable":true,"href":"https:\/\/mersinkadingazetesi.com\/index.php?rest_route=%2Fwp%2Fv2%2Ftags&post=55215"}],"curies":[{"name":"wp","href":"https:\/\/api.w.org\/{rel}","templated":true}]}}