{"id":55219,"date":"2026-09-05T09:38:00","date_gmt":"2026-09-05T06:38:00","guid":{"rendered":"https:\/\/mersinkadingazetesi.com\/?p=55219"},"modified":"2026-09-05T09:38:00","modified_gmt":"2026-09-05T06:38:00","slug":"mersin-buyuksehirden-ailelere-okula-uyum-sureci-onerileri","status":"publish","type":"post","link":"https:\/\/mersinkadingazetesi.com\/?p=55219","title":{"rendered":"MERS\u0130N B\u00dcY\u00dcK\u015eEH\u0130R&#8217;DEN A\u0130LELERE\u00a0&#8216;OKULA UYUM S\u00dcREC\u0130&#8217;\u00a0\u00d6NER\u0130LER\u0130"},"content":{"rendered":"\n<p>Mersin B\u00fcy\u00fck\u015fehir Belediyesi, yeni e\u011fitim-\u00f6\u011fretim y\u0131l\u0131 \u00f6ncesinde \u00f6zellikle okula ilk kez ba\u015flayacak \u00e7ocuklar\u0131n ya\u015fayabilece\u011fi kayg\u0131 ve uyum sorunlar\u0131na kar\u015f\u0131 aileleri bilin\u00e7lendiriyor. Bu kapsamda, Sosyal Hizmetler Dairesi Ba\u015fkanl\u0131\u011f\u0131&#8217;na ba\u011fl\u0131 Tarsus, Yeni\u015fehir ve Anamur MERC\u0130 \u00d6\u011frenci Dan\u0131\u015fmanl\u0131k ve Rehberlik Merkezi, \u00e7ocuklar\u0131n bu \u00f6nemli ge\u00e7i\u015f d\u00f6nemini daha sa\u011fl\u0131kl\u0131 ve g\u00fcvenli \u015fekilde ge\u00e7irebilmeleri amac\u0131yla \u00f6\u011frenci ve ailelere rehberlik hizmeti sunuyor.<\/p>\n\n\n\n<p>\u00d6\u011frencilerin sosyal ve akademik ba\u015far\u0131lar\u0131n\u0131 destekleyen MERC\u0130 \u00d6\u011frenci Dan\u0131\u015fmanl\u0131k ve Rehberlik Merkezi&#8217;nden dan\u0131\u015fmanl\u0131k hizmeti almak isteyen \u00f6\u011frenci ve veliler&nbsp;<strong><em>&#8216;Alo 185 TEKS\u0130N<\/em><\/strong>&nbsp;<strong><em>\u00c7a\u011fr\u0131 Merkezi<\/em><\/strong>&nbsp;\u00fczerinden randevu olu\u015fturabilirler.<\/p>\n\n\n\n<p><strong>K\u0131rat: &#8220;Her \u00e7ocu\u011fun okula uyum s\u00fcreci ayn\u0131 de\u011fildir&#8221;<\/strong><\/p>\n\n\n\n<p>Tarsus MERC\u0130 \u00d6\u011frenci Dan\u0131\u015fmanl\u0131k ve Rehberlik Merkezi&#8217;nden Psikolog Yaren K\u0131rat, yeni e\u011fitim-\u00f6\u011fretim y\u0131l\u0131n\u0131n \u00f6zellikle okula ilk kez ba\u015flayacak \u00e7ocuklar i\u00e7in \u00f6nemli bir ge\u00e7i\u015f d\u00f6nemi oldu\u011funu belirterek,&nbsp;<strong>&#8220;Her \u00e7ocu\u011fun okula uyum s\u00fcreci ayn\u0131 de\u011fildir. Baz\u0131 \u00e7ocuklar ilk g\u00fcnden kolayca adapte olurken, baz\u0131 \u00e7ocuklar\u0131n al\u0131\u015fmas\u0131 birka\u00e7 hafta s\u00fcrebilir&#8221;<\/strong>&nbsp;dedi. Birinci s\u0131n\u0131fa ba\u015flaman\u0131n, \u00e7ocu\u011fun hayat\u0131ndaki ilk b\u00fcy\u00fck ayr\u0131l\u0131klardan ve yeni sorumluluklardan biri oldu\u011funa dikkat \u00e7eken K\u0131rat,&nbsp;<strong>&#8220;Bu durum, baz\u0131 \u00e7ocuklarda heyecanla birlikte kayg\u0131 ve uyum g\u00fc\u00e7l\u00fc\u011f\u00fc de yaratabiliyor&#8221;<\/strong>&nbsp;diye belirtti.<\/p>\n\n\n\n<p>\u00c7ocuklar\u0131n ya\u015fad\u0131\u011f\u0131 kayg\u0131lar\u0131n do\u011fal kar\u015f\u0131lanmas\u0131 gerekti\u011finin de alt\u0131n\u0131 \u00e7izen K\u0131rat,&nbsp;<strong>&#8220;Burada \u00f6nemli olan, \u00e7ocu\u011fun ya\u015fad\u0131\u011f\u0131 duyguyu bast\u0131rmak yerine onu anlamaya \u00e7al\u0131\u015fmak ve \u00e7ocu\u011fa bu duyguyla ba\u015f edebilece\u011fi konusunda g\u00fcven vermektir. A\u011flamak, anne ve babadan ayr\u0131lmak istememek, okula gitmek istememek, kar\u0131n a\u011fr\u0131s\u0131 gibi fiziksel yak\u0131nmalar ya da huzursuzluk bu s\u00fcre\u00e7te g\u00f6r\u00fclebilir&#8221;<\/strong>&nbsp;ifadelerini kulland\u0131.<\/p>\n\n\n\n<p><strong>&#8220;Okulun oryantasyon s\u00fcrecinde \u00f6\u011fretmenle ileti\u015fim halinde olunmal\u0131&#8221;<\/strong><\/p>\n\n\n\n<p>Ailelere okullar a\u00e7\u0131lmadan \u00f6nce \u00e7ocuklar\u0131n uyku ve uyanma saatlerini kademeli olarak okul d\u00fczenine getirmelerini, ekran kullan\u0131m\u0131n\u0131 azaltmalar\u0131n\u0131, okul \u00e7antas\u0131 ve k\u0131rtasiye malzemelerini \u00e7ocuklar\u0131yla birlikte haz\u0131rlamalar\u0131n\u0131 \u00f6neren K\u0131rat, okul hakk\u0131nda olumlu ancak ger\u00e7ek\u00e7i konu\u015fman\u0131n da \u00e7ocu\u011fun kendisini daha g\u00fcvende hissetmesine yard\u0131mc\u0131 olaca\u011f\u0131n\u0131 s\u00f6yledi. K\u0131rat,&nbsp;<strong>&#8220;Okulun oryantasyon s\u00fcrecinde \u00e7ocu\u011fun \u00f6\u011fretmeniyle ileti\u015fim halinde olmak s\u00fcreci kolayla\u015ft\u0131racakt\u0131r. En \u00f6nemlisi, ilk haftalarda \u00e7ocu\u011fun akademik performans\u0131ndan \u00e7ok, okula ili\u015fkin duygular\u0131na odaklanmakt\u0131r. E\u011fer uyum s\u00fcreci uzuyor, \u00e7ocu\u011fun yo\u011fun kayg\u0131s\u0131 devam ediyor ve okula gitmeyi s\u00fcrekli reddediyorsa profesyonel destek almak da olduk\u00e7a \u00f6nemli&#8221;<\/strong>&nbsp;diye belirtti.<\/p>\n\n\n\n<p><strong>B\u00fcy\u00fck\u015fehir, \u00f6\u011frenci ve ailelerinin yan\u0131nda<\/strong><\/p>\n\n\n\n<p>MERC\u0130 \u00d6\u011frenci Dan\u0131\u015fmanl\u0131k ve Rehberlik Merkezi olarak \u00f6\u011frencilerin yeni e\u011fitim-\u00f6\u011fretim d\u00f6nemini daha sa\u011fl\u0131kl\u0131 ve g\u00fcvenli \u015fekilde ge\u00e7irmelerini desteklediklerini belirten K\u0131rat,&nbsp;<strong>&#8220;Tarsus&#8217;ta, Yeni\u015fehir&#8217;de ve Anamur&#8217;da \u00f6\u011frencilerimize ve ailelerimize rehberlik ve dan\u0131\u015fmanl\u0131k hizmeti sunuyoruz&#8221;&nbsp;<\/strong>dedi.&nbsp; Yeni e\u011fitim-\u00f6\u011fretim y\u0131l\u0131n\u0131n t\u00fcm \u00e7ocuklar i\u00e7in g\u00fcvenli, keyifli ve g\u00fczel bir ba\u015flang\u0131\u00e7 olmas\u0131 temennisinde bulunan K\u0131rat, ailelerin \u00e7ocuklar\u0131n\u0131n bu s\u00fcre\u00e7teki duygular\u0131na kulak vermesinin \u00f6nemine dikkat \u00e7ekti.<\/p>\n","protected":false},"excerpt":{"rendered":"<p>Mersin B\u00fcy\u00fck\u015fehir Belediyesi, yeni e\u011fitim-\u00f6\u011fretim y\u0131l\u0131 \u00f6ncesinde \u00f6zellikle okula ilk kez ba\u015flayacak \u00e7ocuklar\u0131n ya\u015fayabilece\u011fi kayg\u0131 ve uyum sorunlar\u0131na kar\u015f\u0131 aileleri bilin\u00e7lendiriyor. Bu kapsamda, Sosyal Hizmetler Dairesi Ba\u015fkanl\u0131\u011f\u0131&#8217;na ba\u011fl\u0131 Tarsus, Yeni\u015fehir ve Anamur MERC\u0130 \u00d6\u011frenci Dan\u0131\u015fmanl\u0131k ve Rehberlik Merkezi, \u00e7ocuklar\u0131n bu \u00f6nemli ge\u00e7i\u015f d\u00f6nemini daha sa\u011fl\u0131kl\u0131 ve g\u00fcvenli \u015fekilde ge\u00e7irebilmeleri amac\u0131yla \u00f6\u011frenci ve ailelere rehberlik hizmeti [&hellip;]<\/p>\n","protected":false},"author":2,"featured_media":55220,"comment_status":"closed","ping_status":"closed","sticky":false,"template":"","format":"standard","meta":{"footnotes":""},"categories":[3],"tags":[],"class_list":["post-55219","post","type-post","status-publish","format-standard","has-post-thumbnail","hentry","category-manset"],"views":2,"_links":{"self":[{"href":"https:\/\/mersinkadingazetesi.com\/index.php?rest_route=\/wp\/v2\/posts\/55219"}],"collection":[{"href":"https:\/\/mersinkadingazetesi.com\/index.php?rest_route=\/wp\/v2\/posts"}],"about":[{"href":"https:\/\/mersinkadingazetesi.com\/index.php?rest_route=\/wp\/v2\/types\/post"}],"author":[{"embeddable":true,"href":"https:\/\/mersinkadingazetesi.com\/index.php?rest_route=\/wp\/v2\/users\/2"}],"replies":[{"embeddable":true,"href":"https:\/\/mersinkadingazetesi.com\/index.php?rest_route=%2Fwp%2Fv2%2Fcomments&post=55219"}],"version-history":[{"count":1,"href":"https:\/\/mersinkadingazetesi.com\/index.php?rest_route=\/wp\/v2\/posts\/55219\/revisions"}],"predecessor-version":[{"id":55221,"href":"https:\/\/mersinkadingazetesi.com\/index.php?rest_route=\/wp\/v2\/posts\/55219\/revisions\/55221"}],"wp:featuredmedia":[{"embeddable":true,"href":"https:\/\/mersinkadingazetesi.com\/index.php?rest_route=\/wp\/v2\/media\/55220"}],"wp:attachment":[{"href":"https:\/\/mersinkadingazetesi.com\/index.php?rest_route=%2Fwp%2Fv2%2Fmedia&parent=55219"}],"wp:term":[{"taxonomy":"category","embeddable":true,"href":"https:\/\/mersinkadingazetesi.com\/index.php?rest_route=%2Fwp%2Fv2%2Fcategories&post=55219"},{"taxonomy":"post_tag","embeddable":true,"href":"https:\/\/mersinkadingazetesi.com\/index.php?rest_route=%2Fwp%2Fv2%2Ftags&post=55219"}],"curies":[{"name":"wp","href":"https:\/\/api.w.org\/{rel}","templated":true}]}}