{"id":55234,"date":"2026-09-06T10:29:55","date_gmt":"2026-09-06T07:29:55","guid":{"rendered":"https:\/\/mersinkadingazetesi.com\/?p=55234"},"modified":"2026-09-06T10:29:55","modified_gmt":"2026-09-06T07:29:55","slug":"mersin-buyuksehirin-acik-hava-sinemasi-bu-kez-tarsusta","status":"publish","type":"post","link":"https:\/\/mersinkadingazetesi.com\/?p=55234","title":{"rendered":"MERS\u0130N B\u00dcY\u00dcK\u015eEH\u0130R&#8217;\u0130N A\u00c7IK HAVA S\u0130NEMASI BU KEZ TARSUS&#8217;TA"},"content":{"rendered":"\n<p><strong>Ak\u00e7a: &#8220;Mersin Sinema Ofisi, Mersinli vatanda\u015flar\u0131m\u0131z\u0131 sineman\u0131n her alan\u0131nda bulu\u015fturuyor&#8221;<\/strong><\/p>\n\n\n\n<p>Mersin B\u00fcy\u00fck\u015fehir Belediyesi Kent Kat\u0131l\u0131m\u0131 ve Sivil Toplum ile \u0130li\u015fkiler \u015eube M\u00fcd\u00fcr\u00fc Ba\u015far Ak\u00e7a, Mersin Sinema Ofisi&#8217;nin bu y\u0131l Mersin&#8217;de ger\u00e7ekle\u015ftirdi\u011fi 5 filmlik se\u00e7kinin ard\u0131ndan etkinli\u011fin Tarsus&#8217;ta da sinemaseverlerle bulu\u015fmas\u0131n\u0131n kendileri a\u00e7\u0131s\u0131ndan olduk\u00e7a anlaml\u0131 oldu\u011funu belirtti. Ak\u00e7a, Mersin&#8217;de deniz kenar\u0131nda, a\u00e7\u0131k havada ve ay \u0131\u015f\u0131\u011f\u0131 alt\u0131nda ger\u00e7ekle\u015ftirilen sinema g\u00f6sterimlerinin ard\u0131ndan, yakla\u015f\u0131k 9 bin y\u0131ll\u0131k ge\u00e7mi\u015fiyle kentin \u00f6nemli tarihi merkezlerinden biri olan Tarsus&#8217;ta da vatanda\u015flar\u0131 sinemayla bulu\u015fturmaktan duyduklar\u0131 memnuniyeti dile getirdi. Ak\u00e7a,&nbsp;<strong>&#8220;Mersin Sinema Ofisi, gerek sinema g\u00f6sterimleri gerek s\u00f6yle\u015filer ve at\u00f6lye \u00e7al\u0131\u015fmalar\u0131yla y\u0131l boyu sinemay\u0131 her alanda Mersinli vatanda\u015flar\u0131m\u0131zla bulu\u015fturacak&#8221;<\/strong>&nbsp;dedi.<\/p>\n\n\n\n<p><strong>&#8220;Mersin&#8217;in sinemayla an\u0131lan bir kent olmas\u0131 ad\u0131na \u00e7al\u0131\u015fmalar\u0131m\u0131z devam edecek&#8221;<\/strong><\/p>\n\n\n\n<p>G\u00f6sterimlerin ard\u0131ndan vatanda\u015flardan olumlu geri d\u00f6n\u00fc\u015fler ald\u0131klar\u0131n\u0131 vurgulayan Ak\u00e7a,&nbsp;<strong>&#8220;Di\u011fer il\u00e7elerimiz i\u00e7in de bu sinema g\u00f6sterimlerini planlamaya devam edece\u011fiz. Mersin Sinema Ofisi olarak, Mersin&#8217;in sinemayla an\u0131lan bir kent olmas\u0131 i\u00e7in yap\u0131mc\u0131lar\u0131 ve y\u00f6netmenleri \u015fehrimize \u00e7ekip, hik\u00e2yelerinin Mersin&#8217;de ve il\u00e7elerinde yaz\u0131lmas\u0131na imkan vermek i\u00e7in kolayla\u015ft\u0131r\u0131c\u0131 hizmetler sa\u011fl\u0131yoruz. \u00d6te yandan Mersin&#8217;de sineman\u0131n her t\u00fcrl\u00fc se\u00e7kisini, her t\u00fcrl\u00fc end\u00fcstriyel \u00fcretimini de vatanda\u015flar\u0131m\u0131zla bulu\u015fturuyor olman\u0131n b\u00fcy\u00fck bir mutlulu\u011funu ya\u015f\u0131yoruz ve bu y\u00f6nde \u00e7al\u0131\u015fmalar\u0131m\u0131z devam edecek&#8221;<\/strong>&nbsp;diye konu\u015ftu.<\/p>\n\n\n\n<p><strong>G\u00fcng\u00f6r: &#8220;Mahalle sakinlerinin b\u00f6yle etkinliklere ihtiyac\u0131 var&#8221;<\/strong><\/p>\n\n\n\n<p>Tarsus \u015eehitler Tepesi Mahallesi Muhtar\u0131 Ruhi G\u00fcng\u00f6r, Mersin B\u00fcy\u00fck\u015fehir Belediyesi&#8217;nin ger\u00e7ekle\u015ftirmi\u015f oldu\u011fu a\u00e7\u0131k hava sinemas\u0131 etkinliklerinin mahallede birlik ve beraberlik duygular\u0131n\u0131 peki\u015ftirdi\u011fini ifade ederek,&nbsp;<strong>&#8220;\u00c7ok memnun olduk. \u00c7\u00fcnk\u00fc bu bizim \u00f6z k\u00fclt\u00fcr\u00fcm\u00fcz. Ge\u00e7mi\u015fte mahalle k\u00fclt\u00fcr\u00fcnde bu tarz etkinlikler vard\u0131 ama g\u00fcn\u00fcm\u00fczde maalesef bu tarz etkinlikler kaybolmaya ba\u015flad\u0131. Vatanda\u015flar\u0131n bir araya gelerek yeni ki\u015fileri tan\u0131mas\u0131 ve b\u00f6yle bir organizasyona e\u015flik ederek film izlemeleri, mahalle k\u00fclt\u00fcr\u00fcndeki birlik ve beraberli\u011fi sa\u011flayan en g\u00fczel etkinliklerden biri. Mersin B\u00fcy\u00fck\u015fehir Belediyesi&#8217;ne te\u015fekk\u00fcr ediyoruz&#8221;<\/strong>&nbsp;ifadelerine yer verdi. Yo\u011fun bir kat\u0131l\u0131m oldu\u011funu s\u00f6zlerine ekleyen G\u00fcng\u00f6r<strong>, &#8220;Mahalle sakinlerimizin b\u00f6yle etkinliklere ihtiyac\u0131 var. Vatanda\u015flar, B\u00fcy\u00fck\u015fehir Belediyesi&#8217;nin ikramlar\u0131 e\u015fli\u011finde kom\u015fular\u0131yla film izleyerek \u00e7ok g\u00fczel vakit ge\u00e7iriyorlar&#8221;<\/strong>&nbsp;dedi.<\/p>\n\n\n\n<p><strong>Her ya\u015ftan insan hem temiz havan\u0131n hem de sineman\u0131n tad\u0131n\u0131 \u00e7\u0131kard\u0131<\/strong><\/p>\n\n\n\n<p>Etkinli\u011fi \u00e7ok e\u011flenceli buldu\u011funu s\u00f6yleyen Azra G\u00fcrlek, nostaljik bir hava oldu\u011fu ve Tarsus i\u00e7in \u00e7ok iyi d\u00fc\u015f\u00fcn\u00fcld\u00fc\u011f\u00fcn\u00fc s\u00f6yleyerek emek veren herkese te\u015fekk\u00fcr etti. Mahallesine kadar gelen etkinlikten \u00e7ok memnun olduklar\u0131n\u0131 s\u00f6yleyen Hatice Ak\u00e7a, \u00e7ok keyif ald\u0131klar\u0131n\u0131 belirtti.<\/p>\n\n\n\n<p>Filmi \u00e7ok sevdi\u011fini s\u00f6yleyen R\u00fczgar Aras Dibi\u00e7, m\u0131s\u0131r ve limonata da da\u011f\u0131t\u0131ld\u0131\u011f\u0131n\u0131 ve \u00e7ok keyif ald\u0131\u011f\u0131n\u0131 s\u00f6yledi. Dibi\u00e7,&nbsp;<strong>&#8220;\u0130lk defa a\u00e7\u0131k hava sinemas\u0131 etkinli\u011fine geldim, \u00e7ok e\u011fleniyorum&#8221;<\/strong>&nbsp;diyerek, emek veren herkese te\u015fekk\u00fcr etti.<\/p>\n\n\n\n<p>A\u00e7\u0131k hava sinemas\u0131n\u0131 \u00e7ok sevdi\u011fini s\u00f6yleyen H\u00fcseyin Ertu\u011frul Tekeli,&nbsp;<strong>&#8220;Belediyemize te\u015fekk\u00fcr ediyorum. M\u0131s\u0131r, limonata ve a\u00e7\u0131k hava sinemas\u0131 izliyoruz. \u00c7ok g\u00fczel bir etkinlik, H\u00fck\u00fcmet Kad\u0131n filmini izliyoruz. Vahap Amca&#8217;ya \u00e7ok te\u015fekk\u00fcr ediyorum&#8221;&nbsp;<\/strong>dedi.<\/p>\n\n\n\n<p>Merve Geyik ise,&nbsp;<strong>&#8220;Etkinlik g\u00fczel, b\u00f6yle \u015feyler olmas\u0131 da g\u00fczel. Biz yak\u0131n yerde oturuyoruz. \u00c7ocuklar\u0131m\u0131z i\u00e7in \u00e7ok g\u00fczel oluyor b\u00f6yle etkinlikler. Devam etmesini diliyoruz&#8221;<\/strong>&nbsp;diyerek, Ba\u015fkan Se\u00e7er&#8217;e te\u015fekk\u00fcr etti.<\/p>\n","protected":false},"excerpt":{"rendered":"<p>Ak\u00e7a: &#8220;Mersin Sinema Ofisi, Mersinli vatanda\u015flar\u0131m\u0131z\u0131 sineman\u0131n her alan\u0131nda bulu\u015fturuyor&#8221; Mersin B\u00fcy\u00fck\u015fehir Belediyesi Kent Kat\u0131l\u0131m\u0131 ve Sivil Toplum ile \u0130li\u015fkiler \u015eube M\u00fcd\u00fcr\u00fc Ba\u015far Ak\u00e7a, Mersin Sinema Ofisi&#8217;nin bu y\u0131l Mersin&#8217;de ger\u00e7ekle\u015ftirdi\u011fi 5 filmlik se\u00e7kinin ard\u0131ndan etkinli\u011fin Tarsus&#8217;ta da sinemaseverlerle bulu\u015fmas\u0131n\u0131n kendileri a\u00e7\u0131s\u0131ndan olduk\u00e7a anlaml\u0131 oldu\u011funu belirtti. Ak\u00e7a, Mersin&#8217;de deniz kenar\u0131nda, a\u00e7\u0131k havada ve ay \u0131\u015f\u0131\u011f\u0131 [&hellip;]<\/p>\n","protected":false},"author":2,"featured_media":55235,"comment_status":"closed","ping_status":"closed","sticky":false,"template":"","format":"standard","meta":{"footnotes":""},"categories":[3],"tags":[],"class_list":["post-55234","post","type-post","status-publish","format-standard","has-post-thumbnail","hentry","category-manset"],"views":1,"_links":{"self":[{"href":"https:\/\/mersinkadingazetesi.com\/index.php?rest_route=\/wp\/v2\/posts\/55234"}],"collection":[{"href":"https:\/\/mersinkadingazetesi.com\/index.php?rest_route=\/wp\/v2\/posts"}],"about":[{"href":"https:\/\/mersinkadingazetesi.com\/index.php?rest_route=\/wp\/v2\/types\/post"}],"author":[{"embeddable":true,"href":"https:\/\/mersinkadingazetesi.com\/index.php?rest_route=\/wp\/v2\/users\/2"}],"replies":[{"embeddable":true,"href":"https:\/\/mersinkadingazetesi.com\/index.php?rest_route=%2Fwp%2Fv2%2Fcomments&post=55234"}],"version-history":[{"count":1,"href":"https:\/\/mersinkadingazetesi.com\/index.php?rest_route=\/wp\/v2\/posts\/55234\/revisions"}],"predecessor-version":[{"id":55236,"href":"https:\/\/mersinkadingazetesi.com\/index.php?rest_route=\/wp\/v2\/posts\/55234\/revisions\/55236"}],"wp:featuredmedia":[{"embeddable":true,"href":"https:\/\/mersinkadingazetesi.com\/index.php?rest_route=\/wp\/v2\/media\/55235"}],"wp:attachment":[{"href":"https:\/\/mersinkadingazetesi.com\/index.php?rest_route=%2Fwp%2Fv2%2Fmedia&parent=55234"}],"wp:term":[{"taxonomy":"category","embeddable":true,"href":"https:\/\/mersinkadingazetesi.com\/index.php?rest_route=%2Fwp%2Fv2%2Fcategories&post=55234"},{"taxonomy":"post_tag","embeddable":true,"href":"https:\/\/mersinkadingazetesi.com\/index.php?rest_route=%2Fwp%2Fv2%2Ftags&post=55234"}],"curies":[{"name":"wp","href":"https:\/\/api.w.org\/{rel}","templated":true}]}}