{"id":55243,"date":"2026-09-06T10:32:51","date_gmt":"2026-09-06T07:32:51","guid":{"rendered":"https:\/\/mersinkadingazetesi.com\/?p=55243"},"modified":"2026-09-06T10:32:51","modified_gmt":"2026-09-06T07:32:51","slug":"mersinli-giseler-kalksin-diye-beklerken-iktidar-ozellestirme-karari-cikardi","status":"publish","type":"post","link":"https:\/\/mersinkadingazetesi.com\/?p=55243","title":{"rendered":"&#8220;MERS\u0130NL\u0130 G\u0130\u015eELER KALKSIN D\u0130YE BEKLERKEN, \u0130KT\u0130DAR \u00d6ZELLE\u015eT\u0130RME KARARI \u00c7IKARDI&#8221;"},"content":{"rendered":"\n<p>CHP Mersin Milletvekili G\u00fclcan K\u0131\u015f, Cumhurba\u015fkan\u0131 Karar\u0131 ile otoyol ve k\u00f6pr\u00fclerin 30 y\u0131ll\u0131k \u00f6zelle\u015ftirme s\u00fcrecine dahil edilmesine sert tepki g\u00f6sterdi. Mersin\u2013Tarsus Otoyolu&#8217;nun \u00fccretsiz hale getirilmesi i\u00e7in daha \u00f6nce T\u00fcrkiye B\u00fcy\u00fck Millet Meclisi&#8217;nde \u00e7a\u011fr\u0131 yapan K\u0131\u015f, &#8220;Biz Mersin&#8217;de gi\u015feler kalks\u0131n, vatanda\u015f\u0131n \u00fczerindeki y\u00fck hafiflesin derken iktidar T\u00fcrkiye&#8217;nin otoyollar\u0131n\u0131 ve k\u00f6pr\u00fclerini 30 y\u0131ll\u0131k \u00f6zelle\u015ftirme hesab\u0131na a\u00e7\u0131yor. Milletin yolunu, k\u00f6pr\u00fcs\u00fcn\u00fc milletin s\u0131rt\u0131ndan para kazan\u0131lacak bir ticari alana d\u00f6n\u00fc\u015ft\u00fcremezsiniz&#8221; dedi.<\/p>\n\n\n\n<p>4 Eyl\u00fcl 2026 tarihli ve 11750 say\u0131l\u0131 Cumhurba\u015fkan\u0131 Karar\u0131 ile Ni\u011fde\u2013Pozant\u0131 Otoyolu, Gaziantep \u00c7evre Otoyolu ve Bursa \u00c7evre Otoyolu&#8217;nun belirli kesimleri \u00f6zelle\u015ftirme kapsam ve program\u0131na al\u0131nd\u0131.<\/p>\n\n\n\n<p>Kararla birlikte daha \u00f6nce \u00f6zelle\u015ftirme kapsam ve program\u0131na al\u0131nm\u0131\u015f otoyollar ve k\u00f6pr\u00fcler ile bunlar\u0131n \u00e7evre ve ba\u011flant\u0131 yollar\u0131, bak\u0131m ve i\u015fletme tesisleri, \u00fccret toplama merkezleri, hizmet tesisleri ve di\u011fer varl\u0131klar\u0131 da yeni \u00f6zelle\u015ftirme \u00e7er\u00e7evesine dahil edildi.<\/p>\n\n\n\n<p>\u00d6zelle\u015ftirmede i\u015fletme hakk\u0131n\u0131n verilmesi, kiralama, gelir ortakl\u0131\u011f\u0131 modeli ve \u00e7e\u015fitli hukuki y\u00f6ntemlerin uygulanabilmesinin \u00f6n\u00fc a\u00e7\u0131l\u0131rken, m\u00fclkiyet devri kapsam d\u0131\u015f\u0131nda b\u0131rak\u0131ld\u0131. \u00d6zelle\u015ftirme s\u00f6zle\u015fmelerinin s\u00fcresi ise 30 y\u0131l olarak belirlendi.<\/p>\n\n\n\n<p><strong>&#8220;MERS\u0130NL\u0130 G\u0130\u015eELER KALKSIN D\u0130YE BEKLERKEN, \u0130KT\u0130DAR \u00d6ZELLE\u015eT\u0130RME KARARI \u00c7IKARDI&#8221;<\/strong><\/p>\n\n\n\n<p>Mersin\u2013Tarsus Otoyolu&#8217;ndaki ge\u00e7i\u015f \u00fccretlerini daha \u00f6nce T\u00fcrkiye B\u00fcy\u00fck Millet Meclisi g\u00fcndemine ta\u015f\u0131yan K\u0131\u015f, karar\u0131n Mersin a\u00e7\u0131s\u0131ndan kabul edilemez oldu\u011funu belirterek \u015f\u00f6yle konu\u015ftu:<\/p>\n\n\n\n<p>&#8220;Mersin&#8217;den aylard\u0131r \u00e7ok a\u00e7\u0131k bir talepte bulunuyoruz. Tarsus Bat\u0131 gi\u015felerinden girip \u00c7amalan gi\u015felerinden \u00e7\u0131kan birinci s\u0131n\u0131f ara\u00e7 bug\u00fcn 41 lira \u00f6d\u00fcyor. \u0130\u015fine giden, evine d\u00f6nen, fabrikas\u0131na, hastanesine ula\u015fan vatanda\u015f\u0131m\u0131zdan bu paray\u0131 almay\u0131n; Mersin\u2013Tarsus aras\u0131ndaki ge\u00e7i\u015fleri \u00fccretsiz hale getirin diyoruz.<\/p>\n\n\n\n<p>Mersinli gi\u015felerin kald\u0131r\u0131lmas\u0131n\u0131 beklerken iktidar\u0131n cevab\u0131 \u00f6zelle\u015ftirme oldu. \u00dcstelik mesele art\u0131k yaln\u0131zca Mersin\u2013Tarsus de\u011fildir. T\u00fcrkiye&#8217;nin otoyollar\u0131n\u0131n, k\u00f6pr\u00fclerinin ve ba\u011flant\u0131 yollar\u0131n\u0131n gelece\u011fi s\u00f6z konusudur.&#8221;<\/p>\n\n\n\n<p><strong>&#8220;BUG\u00dcN 41 L\u0130RA, \u00d6ZELLE\u015eT\u0130RMEDEN SONRA KA\u00c7 L\u0130RA?&#8221;<\/strong><\/p>\n\n\n\n<p>K\u0131\u015f, \u00f6zelle\u015ftirme sonras\u0131nda vatanda\u015f\u0131n \u00f6deyece\u011fi ge\u00e7i\u015f \u00fccretlerinin ne olaca\u011f\u0131na ili\u015fkin de iktidara sorular y\u00f6neltti:<\/p>\n\n\n\n<p>&#8220;Bug\u00fcn Mersinli 41 liraya itiraz ediyor. Biz bu 41 liran\u0131n dahi al\u0131nmamas\u0131 gerekti\u011fini s\u00f6yl\u00fcyoruz. Peki 30 y\u0131ll\u0131k \u00f6zelle\u015ftirme sonras\u0131nda vatanda\u015f bu yollardan ve k\u00f6pr\u00fclerden ka\u00e7a ge\u00e7ecek? Ge\u00e7i\u015f \u00fccretlerini kim, hangi \u00f6l\u00e7\u00fcte g\u00f6re belirleyecek? Zamlar\u0131n s\u0131n\u0131r\u0131 ne olacak? Vatanda\u015f hangi g\u00fcvenceyle korunacak?<\/p>\n\n\n\n<p>Bunlar\u0131n hi\u00e7birini a\u00e7\u0131klamadan milletin \u00f6n\u00fcne 30 y\u0131ll\u0131k bir \u00f6zelle\u015ftirme karar\u0131 koyuyorsunuz. Vatanda\u015f\u0131n cebini ilgilendiren b\u00f6ylesine \u00f6nemli bir konuda belirsizli\u011fe yer olamaz.&#8221;<\/p>\n\n\n\n<p><strong>&#8220;MESELE MERS\u0130N&#8217;DEN \u0130BARET DE\u011e\u0130L, T\u00dcRK\u0130YE&#8217;N\u0130N ULA\u015eIM HAKKIDIR&#8221;<\/strong><\/p>\n\n\n\n<p>Karar\u0131n T\u00fcrkiye genelinde milyonlarca yurtta\u015f\u0131 ilgilendirdi\u011fini vurgulayan K\u0131\u015f, \u015f\u00f6yle devam etti:<\/p>\n\n\n\n<p>&#8220;Mersin&#8217;de ya\u015fad\u0131\u011f\u0131m\u0131z sorun asl\u0131nda T\u00fcrkiye&#8217;ye neyin dayat\u0131ld\u0131\u011f\u0131n\u0131n \u00e7ok somut bir \u00f6rne\u011fidir. Bug\u00fcn Mersin\u2013Tarsus aras\u0131nda gi\u015feye para b\u0131rakan vatanda\u015f ne ya\u015f\u0131yorsa, yar\u0131n T\u00fcrkiye&#8217;nin ba\u015fka bir kentinde otoyoldan ge\u00e7en, k\u00f6pr\u00fcy\u00fc kullanan vatanda\u015f da ayn\u0131 kayg\u0131y\u0131 ya\u015fayacak.<\/p>\n\n\n\n<p>Otoyollar ve k\u00f6pr\u00fcler yaln\u0131zca beton ve asfalttan ibaret de\u011fildir. Bunlar milyonlarca insan\u0131n i\u015fe, \u00fcretime, ticarete, e\u011fitime, sa\u011fl\u0131\u011fa ve ailesine ula\u015fmas\u0131n\u0131 sa\u011flayan kamusal altyap\u0131d\u0131r. Vatanda\u015f\u0131n zorunlu ula\u015f\u0131m ihtiyac\u0131n\u0131 30 y\u0131ll\u0131k gelir hesab\u0131na d\u00f6n\u00fc\u015ft\u00fcremezsiniz.&#8221;<\/p>\n\n\n\n<p><strong>&#8220;VATANDA\u015e YOLDA DA K\u00d6PR\u00dcDE DE S\u00dcREKL\u0130 PARA \u00d6DEMEK ZORUNDA MI?&#8221;<\/strong><\/p>\n\n\n\n<p>Vatanda\u015f\u0131n \u00fczerindeki ekonomik y\u00fck\u00fcn her ge\u00e7en g\u00fcn artt\u0131\u011f\u0131n\u0131 belirten CHP&#8217;li K\u0131\u015f, \u015fu ifadeleri kulland\u0131:<\/p>\n\n\n\n<p>&#8220;Vatanda\u015f otomobilini al\u0131rken vergi \u00f6d\u00fcyor, akaryak\u0131t al\u0131rken vergi \u00f6d\u00fcyor, Motorlu Ta\u015f\u0131tlar Vergisi \u00f6d\u00fcyor. Otoyola \u00e7\u0131k\u0131yor \u00fccret \u00f6d\u00fcyor, k\u00f6pr\u00fcden ge\u00e7iyor \u00fccret \u00f6d\u00fcyor. \u015eimdi b\u00fct\u00fcn bunlar\u0131n \u00fczerine otoyollar\u0131 ve k\u00f6pr\u00fcleri 30 y\u0131ll\u0131k \u00f6zelle\u015ftirme modellerine a\u00e7\u0131yorsunuz.<\/p>\n\n\n\n<p>Bu \u00fclkenin insan\u0131 her kilometrede, her gi\u015fede, her k\u00f6pr\u00fcde yeniden para \u00f6demek zorunda m\u0131? Devletin g\u00f6revi vatanda\u015f\u0131n her hareketinden gelir elde etmek de\u011fil, vatanda\u015f\u0131na eri\u015filebilir ve g\u00fcvenli ula\u015f\u0131m hizmeti sunmakt\u0131r.&#8221;<\/p>\n\n\n\n<p><strong>&#8220;YOLLAR DA K\u00d6PR\u00dcLER DE M\u0130LLET\u0130ND\u0130R&#8221;<\/strong><\/p>\n\n\n\n<p>G\u00fclcan K\u0131\u015f, Mersin\u2013Tarsus Otoyolu&#8217;nun \u00fccretsiz hale getirilmesi y\u00f6n\u00fcndeki talebini yineleyerek a\u00e7\u0131klamas\u0131n\u0131 \u015fu s\u00f6zlerle tamamlad\u0131:<\/p>\n\n\n\n<p>&#8220;Mersin\u2013Tarsus Otoyolu \u00fccretsiz olmal\u0131d\u0131r. Bu talebimizin arkas\u0131nday\u0131z. Ama art\u0131k mesele bundan da b\u00fcy\u00fckt\u00fcr.<\/p>\n\n\n\n<p>T\u00fcrkiye&#8217;nin otoyollar\u0131n\u0131, k\u00f6pr\u00fclerini ve ba\u011flant\u0131 yollar\u0131n\u0131 vatanda\u015f\u0131n s\u0131rt\u0131ndan 30 y\u0131l boyunca gelir elde edilecek alanlara d\u00f6n\u00fc\u015ft\u00fcrmeyin.<\/p>\n\n\n\n<p>Yollar milletindir. K\u00f6pr\u00fcler milletindir. Bu \u00fclkenin altyap\u0131s\u0131 milletindir.<\/p>\n\n\n\n<p>Elinizi vatanda\u015f\u0131n cebinden, elinizi milletin yakas\u0131ndan \u00e7ekin. Ula\u015f\u0131m hakk\u0131n\u0131 30 y\u0131ll\u0131k kazan\u00e7 hesab\u0131na teslim etmeyin.&#8221;<\/p>\n","protected":false},"excerpt":{"rendered":"<p>CHP Mersin Milletvekili G\u00fclcan K\u0131\u015f, Cumhurba\u015fkan\u0131 Karar\u0131 ile otoyol ve k\u00f6pr\u00fclerin 30 y\u0131ll\u0131k \u00f6zelle\u015ftirme s\u00fcrecine dahil edilmesine sert tepki g\u00f6sterdi. Mersin\u2013Tarsus Otoyolu&#8217;nun \u00fccretsiz hale getirilmesi i\u00e7in daha \u00f6nce T\u00fcrkiye B\u00fcy\u00fck Millet Meclisi&#8217;nde \u00e7a\u011fr\u0131 yapan K\u0131\u015f, &#8220;Biz Mersin&#8217;de gi\u015feler kalks\u0131n, vatanda\u015f\u0131n \u00fczerindeki y\u00fck hafiflesin derken iktidar T\u00fcrkiye&#8217;nin otoyollar\u0131n\u0131 ve k\u00f6pr\u00fclerini 30 y\u0131ll\u0131k \u00f6zelle\u015ftirme hesab\u0131na a\u00e7\u0131yor. Milletin [&hellip;]<\/p>\n","protected":false},"author":2,"featured_media":55244,"comment_status":"closed","ping_status":"closed","sticky":false,"template":"","format":"standard","meta":{"footnotes":""},"categories":[3,6],"tags":[],"class_list":["post-55243","post","type-post","status-publish","format-standard","has-post-thumbnail","hentry","category-manset","category-siyaset-2"],"views":1,"_links":{"self":[{"href":"https:\/\/mersinkadingazetesi.com\/index.php?rest_route=\/wp\/v2\/posts\/55243"}],"collection":[{"href":"https:\/\/mersinkadingazetesi.com\/index.php?rest_route=\/wp\/v2\/posts"}],"about":[{"href":"https:\/\/mersinkadingazetesi.com\/index.php?rest_route=\/wp\/v2\/types\/post"}],"author":[{"embeddable":true,"href":"https:\/\/mersinkadingazetesi.com\/index.php?rest_route=\/wp\/v2\/users\/2"}],"replies":[{"embeddable":true,"href":"https:\/\/mersinkadingazetesi.com\/index.php?rest_route=%2Fwp%2Fv2%2Fcomments&post=55243"}],"version-history":[{"count":1,"href":"https:\/\/mersinkadingazetesi.com\/index.php?rest_route=\/wp\/v2\/posts\/55243\/revisions"}],"predecessor-version":[{"id":55245,"href":"https:\/\/mersinkadingazetesi.com\/index.php?rest_route=\/wp\/v2\/posts\/55243\/revisions\/55245"}],"wp:featuredmedia":[{"embeddable":true,"href":"https:\/\/mersinkadingazetesi.com\/index.php?rest_route=\/wp\/v2\/media\/55244"}],"wp:attachment":[{"href":"https:\/\/mersinkadingazetesi.com\/index.php?rest_route=%2Fwp%2Fv2%2Fmedia&parent=55243"}],"wp:term":[{"taxonomy":"category","embeddable":true,"href":"https:\/\/mersinkadingazetesi.com\/index.php?rest_route=%2Fwp%2Fv2%2Fcategories&post=55243"},{"taxonomy":"post_tag","embeddable":true,"href":"https:\/\/mersinkadingazetesi.com\/index.php?rest_route=%2Fwp%2Fv2%2Ftags&post=55243"}],"curies":[{"name":"wp","href":"https:\/\/api.w.org\/{rel}","templated":true}]}}